{"id":8766,"date":"2022-09-23T07:00:00","date_gmt":"2022-09-23T11:00:00","guid":{"rendered":"http:\/\/www.nh.com.ve\/blog\/?p=8766"},"modified":"2022-09-22T19:50:12","modified_gmt":"2022-09-22T23:50:12","slug":"ya-estan-habilitadas-las-plataformas-aduaneras-para-exportaciones-a-venezuela","status":"publish","type":"post","link":"http:\/\/www.nh.com.ve\/blog\/2022\/09\/ya-estan-habilitadas-las-plataformas-aduaneras-para-exportaciones-a-venezuela\/","title":{"rendered":"Ya est\u00e1n habilitadas las plataformas aduaneras para exportaciones a Venezuela"},"content":{"rendered":"\n<p>Jueves, 22 de Septiembre de 2022<\/p>\n\n\n\n<p>Grandes expectativas entre los ciudadanos por la reapertura formal de los pasos fronterizos. Ya se vislumbran algunos cambios en la log\u00edstica de los puentes.<\/p>\n\n\n\n<p>Representantes de los gobiernos colombiano y venezolano se reunieron ayer para definir los detalles de la reapertura comercial de la frontera,&nbsp;<strong>que se producir\u00e1 el 26 de septiembre.<\/strong><\/p>\n\n\n\n<div class=\"wp-block-image\"><figure class=\"aligncenter\"><img decoding=\"async\" src=\"https:\/\/www.laopinion.com.co\/sites\/default\/files\/2022-09\/Puente-Sim%C3%B3n-Bolivar.jpg\" alt=\"Puente Internacional Sim\u00f3n Bol\u00edvar.\" title=\"Puente Internacional Sim\u00f3n Bol\u00edvar.\"\/><\/figure><\/div>\n\n\n\n<p>La reuni\u00f3n tuvo lugar en la oficina de la Aduana Principal de San Antonio, donde estuvieron presentes el embajador de Venezuela en Colombia, F\u00e9lix Plasencia, y el director de Comercio Exterior del Ministerio de Comercio, Industria y&nbsp; Turismo de Colombia, Luis Fernando Fuentes;&nbsp; el secretario de Fronteras y Cooperaci\u00f3n Internacional de la Gobernaci\u00f3n de Norte de Santander, V\u00edctor Bautista; el gobernador del estado T\u00e1chira, Freddy Bernal, junto con alcaldes, representantes de Migraci\u00f3n Venezuela, mandos militares de la regi\u00f3n fronteriza venezolana, entre otras autoridades.<\/p>\n\n\n\n<p>V\u00edctor Bautista, secretario de Fronteras y Cooperaci\u00f3n Internacional,&nbsp;<strong>reiter\u00f3 que el lunes empezar\u00e1 el paso de carga, inicialmente, por los puentes internacionales Sim\u00f3n Bol\u00edvar y Francisco de Paula Santander, tras un acto previsto para las 10:00 de la ma\u00f1ana.<\/strong><\/p>\n\n\n\n<p>Bautista precis\u00f3 que ayer se pas\u00f3 revista a la log\u00edstica aduanera, de transporte, horarios en conjunto con autoridades de ambos pa\u00edses y asegur\u00f3 que ya hay exportadores e importadores que est\u00e1n movilizando mercanc\u00edas hacia la frontera para que puedan cruzar el pr\u00f3ximo lunes.<\/p>\n\n\n\n<p>\u201cLas importaciones y exportaciones por los puentes Sim\u00f3n Bol\u00edvar y Francisco de Paula Santander arrancan de forma definitiva el lunes. Las plataformas aduaneras de ambos pa\u00edses ya est\u00e1n habilitadas para cualquier empresario que quiera hacer su exportaci\u00f3n\u201d, aseguro&nbsp; Bautista, quien agreg\u00f3 que espera que los empresarios que antes exportaban por esta frontera y que se vieron obligados a hacerlo por Paraguach\u00f3n durante el cierre, puedan volver.<\/p>\n\n\n\n<p><strong>Los horarios del paso de carga a\u00fan est\u00e1n por definirse,<\/strong>\u00a0aunque voceros de gremios y autoridades coinciden en que lo m\u00e1s adecuado es hacer de d\u00eda este tipo de procedimientos.<\/p>\n\n\n\n<h2 class=\"wp-block-heading\"><strong>Tienditas, en una segunda fase<\/strong><\/h2>\n\n\n\n<p>Respecto a la entrada en funcionamiento del puente Tienditas,&nbsp; las autoridades estiman que en dos o tres meses, este paso -el m\u00e1s moderno de la frontera y que que tiene mejores condiciones para el paso carga- podr\u00eda habilitarse.<\/p>\n\n\n\n<p><strong>All\u00ed hace falta realizar revisiones de temas el\u00e9ctricos y conexiones internas, y que la DIAN y otras entidades&nbsp; como el ICA, Invima, la Polic\u00eda Fiscal y Aduanera (Polfa) y Antinarc\u00f3ticos hagan el traslado de sus oficinas con escritorios, insumos y sistemas de operaci\u00f3n.<\/strong><\/p>\n\n\n\n<p>Tambi\u00e9n se est\u00e1 trabajando en un plan que permita mantener, desde el principio, el orden en los alrededores del tambi\u00e9n llamado Puente de la Unidad,&nbsp; para que esta zona no se convierta en una segunda Parada.<\/p>\n\n\n\n<p>De acuerdo con lo establecido por las autoridades de ambos pa\u00edses, la apertura del puente de Tienditas dar\u00eda paso a las siguientes fases del plan: el transporte p\u00fablico de un lado a otro y la movilidad de veh\u00edculos particulares.<\/p>\n\n\n\n<p><strong>Dentro de los acuerdos alcanzados se defini\u00f3 que el corredor estudiantil, por el que se movilizan de m\u00e1s de 3.500 ni\u00f1os diariamente,&nbsp;&nbsp;<\/strong>ahora ser\u00e1 apoyado tambi\u00e9n por buses venezolanos que llevar\u00e1n a los alumnos directamente hasta los colegios en el lado colombiano.<\/p>\n\n\n\n<p>Bautista tambi\u00e9n refiri\u00f3 que entienden que tiene que existir el paso de un transporte p\u00fablico entre las ciudades fronterizas y llegar incluso a un intercambio de los veh\u00edculos particulares, lo que requiere un plan de concertaci\u00f3n entre ambos pa\u00edses, a fin de que sea ordenado y sostenible.<\/p>\n\n\n\n<p>En cuanto a la posible visita del presidente&nbsp; Gustavo Petro, Bautista<strong>&nbsp;expres\u00f3 que est\u00e1n a la espera de la confirmaci\u00f3n desde niveles centrales, porque hasta ayer no ten\u00edan confirmaci\u00f3n.<\/strong><\/p>\n\n\n\n<p>Por su parte, Luis Fernando Fuentes, director de Comercio Exterior del Ministerio de Industria, Comercio y Turismo de Colombia, precis\u00f3 que este lunes se comenzar\u00e1n a ver, en primer lugar, las operaciones de carga internacional que permitir\u00e1 que fluya de manera r\u00e1pida el comercio entre los dos pa\u00edses.<\/p>\n\n\n\n<div class=\"wp-block-image\"><figure class=\"aligncenter\"><img decoding=\"async\" src=\"https:\/\/www.laopinion.com.co\/sites\/default\/files\/inline-images\/Reapertura-fronteriza.jpg\" alt=\"Reapertura fronteriza\"\/><\/figure><\/div>\n\n\n\n<p>El funcionario precis\u00f3 que ese no es el fin del tema, puesto que va complementado con acciones de desarrollo productivo, de integraci\u00f3n fronteriza, aspectos sociales y migratorios para que esta frontera retome acciones que anteriormente ten\u00eda.<\/p>\n\n\n\n<p>Fuentes coment\u00f3 que posiblemente el lunes se ver\u00e1n pocos veh\u00edculos de carga internacional, pero en los pr\u00f3ximos d\u00edas prev\u00e9n que ir\u00e1 en crecimiento, a medida que los actores retomen la confianza, hasta que se llegue a la cotidianidad y en la medida que demanden cada uno de los pa\u00edses.<\/p>\n\n\n\n<p><strong>Se\u00f1al\u00f3 que ayer adelantaron coordinaciones aduaneras, sanitarias y fitosanitarias, control de vigilancia de medicamentos, alimentaci\u00f3n y bebidas, pre chequeo de las mercanc\u00edas y articulaci\u00f3n con comercio, a fin de que no existan restricciones ni impedimentos en el proceso fluido de comercio exterior.<\/strong><\/p>\n\n\n\n<p>Recalc\u00f3 que las operaciones de intercambio comercial comenzar\u00e1n por los puentes internacionales Sim\u00f3n Bol\u00edvar, Francisco de Paula Santander y posteriormente por Tienditas.<\/p>\n\n\n\n<hr class=\"wp-block-separator\"\/>\n\n\n\n<p>Durante un recorrido por el puente Sim\u00f3n Bol\u00edvar, Freddy Bernal, gobernador del T\u00e1chira, expuso que el encuentro tuvo como finalidad acordar los detalles t\u00e9cnicos, metodol\u00f3gicos, administrativos y log\u00edsticos para la apertura en conjunto con el Seniat (Servicio Nacional Integrado de Administraci\u00f3n Aduanera y Tributaria) y Saime (Servicio Administrativo de Identificaci\u00f3n, Migraci\u00f3n y Extranjer\u00eda).<\/p>\n\n\n\n<p>\u201cEl d\u00eda lunes, lo que hace tres a\u00f1os fue una quimera, lo que hace un a\u00f1o era un sue\u00f1o, el lunes por instrucciones de los presidentes Nicol\u00e1s Maduro y Gustavo Petro, ser\u00e1 una realidad\u201d, dijo.<\/p>\n\n\n\n<p>Carlos Luna, presidente del Comit\u00e9 Intergremial de Norte de Santander,&nbsp;<strong>refiri\u00f3 que esperan que se avance r\u00e1pidamente en el restablecimiento del tr\u00e1fico del tr\u00e1nsito comercial como el de los ciudadanos.<\/strong><\/p>\n\n\n\n<p>Indic\u00f3 que para este 26 de septiembre se espera una cumbre binacional con la presencia de los presidentes Petro y Maduro, y el inicio de las exportaciones a trav\u00e9s de la Aduana de San Antonio y Ure\u00f1a.<\/p>\n\n\n\n<p>En cuanto a cu\u00e1les productos comenzar\u00e1n a transitar a partir del lunes, Luna se\u00f1al\u00f3 que esto depender\u00e1 de la oferta y la demanda.&nbsp;<strong>\u201cEl mercado es el que pone la voz cantante en este intercambio\u201d, a\u00f1adi\u00f3.<\/strong><\/p>\n\n\n\n<p>Nelson Urue\u00f1a, representante de la Asociaci\u00f3n de Auxiliares Aduaneros del estado T\u00e1chira, precis\u00f3 que hasta ahora se tiene previsto que el transporte de cargamentos internacionales transite en horas nocturnas, a trav\u00e9s del Puente Francisco de Paula Santander y Sim\u00f3n Bol\u00edvar.<\/p>\n\n\n\n<p>Anoche, al cierre de esta edici\u00f3n, un equipo adelantaba labores sobre el puente Sim\u00f3n Bol\u00edvar para terminar de retirar las estructuras met\u00e1licas&nbsp; que fueron instalados recientemente para ordenar el paso peatonal, los cuales ocupan parte de la zona de tr\u00e1fico de veh\u00edculos.<\/p>\n\n\n\n<div class=\"wp-block-image\"><figure class=\"aligncenter\"><img decoding=\"async\" src=\"https:\/\/www.laopinion.com.co\/sites\/default\/files\/inline-images\/Embajador.jpg\" alt=\"Embajador\"\/><\/figure><\/div>\n\n\n\n<p>Carlos Luna acompa\u00f1ado del embajador de Venezuela en Colombia, F\u00e9lix Plasencia.\/ Foto: Cortes\u00eda \/ La Opini\u00f3n<\/p>\n\n\n\n<p><strong>Redacci\u00f3n<\/strong><br>Anggy Polanco\u00a0<br>Corresponsal en T\u00e1chira\u00a0<\/p>\n\n\n\n<p>Fuente: <a href=\"https:\/\/www.laopinion.com.co\/frontera\/ya-estan-habilitadas-las-plataformas-aduaneras-para-exportaciones-venezuela\" target=\"_blank\" rel=\"noreferrer noopener\">https:\/\/www.laopinion.com.co\/frontera\/ya-estan-habilitadas-las-plataformas-aduaneras-para-exportaciones-venezuela<\/a><\/p>\n","protected":false},"excerpt":{"rendered":"<p>Jueves, 22 de Septiembre de 2022 Grandes expectativas entre los ciudadanos por la reapertura formal de los pasos fronterizos. Ya se vislumbran algunos cambios en la log\u00edstica de los puentes. Representantes de los gobiernos colombiano y venezolano se reunieron ayer para definir los detalles de la reapertura comercial de la frontera,&nbsp;que se producir\u00e1 el 26 [&hellip;]<\/p>\n","protected":false},"author":2,"featured_media":8590,"comment_status":"open","ping_status":"open","sticky":false,"template":"","format":"standard","meta":{"footnotes":""},"categories":[246,299],"tags":[],"class_list":["post-8766","post","type-post","status-publish","format-standard","has-post-thumbnail","hentry","category-aduana","category-frontera"],"_links":{"self":[{"href":"http:\/\/www.nh.com.ve\/blog\/wp-json\/wp\/v2\/posts\/8766","targetHints":{"allow":["GET"]}}],"collection":[{"href":"http:\/\/www.nh.com.ve\/blog\/wp-json\/wp\/v2\/posts"}],"about":[{"href":"http:\/\/www.nh.com.ve\/blog\/wp-json\/wp\/v2\/types\/post"}],"author":[{"embeddable":true,"href":"http:\/\/www.nh.com.ve\/blog\/wp-json\/wp\/v2\/users\/2"}],"replies":[{"embeddable":true,"href":"http:\/\/www.nh.com.ve\/blog\/wp-json\/wp\/v2\/comments?post=8766"}],"version-history":[{"count":0,"href":"http:\/\/www.nh.com.ve\/blog\/wp-json\/wp\/v2\/posts\/8766\/revisions"}],"wp:featuredmedia":[{"embeddable":true,"href":"http:\/\/www.nh.com.ve\/blog\/wp-json\/wp\/v2\/media\/8590"}],"wp:attachment":[{"href":"http:\/\/www.nh.com.ve\/blog\/wp-json\/wp\/v2\/media?parent=8766"}],"wp:term":[{"taxonomy":"category","embeddable":true,"href":"http:\/\/www.nh.com.ve\/blog\/wp-json\/wp\/v2\/categories?post=8766"},{"taxonomy":"post_tag","embeddable":true,"href":"http:\/\/www.nh.com.ve\/blog\/wp-json\/wp\/v2\/tags?post=8766"}],"curies":[{"name":"wp","href":"https:\/\/api.w.org\/{rel}","templated":true}]}}